{"id":1045,"date":"2023-11-26T11:42:59","date_gmt":"2023-11-26T09:42:59","guid":{"rendered":"http:\/\/rsv-herten.de\/wordpress\/?p=1045"},"modified":"2023-11-26T12:05:27","modified_gmt":"2023-11-26T10:05:27","slug":"rsv-herten-dominiert-beim-bezirkspokal-hochrhein-wiesental-erfolge-in-allen-schuelerklassen","status":"publish","type":"post","link":"https:\/\/rsv-herten.de\/wordpress\/?p=1045","title":{"rendered":"RSV Herten dominiert beim Bezirkspokal Hochrhein-Wiesental: Erfolge in allen Sch\u00fclerklassen"},"content":{"rendered":"\n<p>Die Kunstradfahrer\/innen des RSV Herten beeindruckten mit ihren F\u00e4higkeiten beim dritten Durchgang des Bezirkspokals Hochrhein-Wiesental am 25. November 2023. Sie belegten in allen Sch\u00fcler klassen das Treppchen und best\u00e4tigten damit ihre Pr\u00e4senz in der regionalen Kunstradszene.<\/p>\n\n\n\n<figure class=\"wp-block-image size-large\"><a href=\"http:\/\/rsv-herten.de\/wordpress\/wp-content\/uploads\/2023\/11\/20231125-IMG_9689-scaled.jpeg\"><img loading=\"lazy\" decoding=\"async\" width=\"1024\" height=\"768\" src=\"http:\/\/rsv-herten.de\/wordpress\/wp-content\/uploads\/2023\/11\/20231125-IMG_9689-1024x768.jpeg\" alt=\"\" class=\"wp-image-1056\" srcset=\"https:\/\/rsv-herten.de\/wordpress\/wp-content\/uploads\/2023\/11\/20231125-IMG_9689-1024x768.jpeg 1024w, https:\/\/rsv-herten.de\/wordpress\/wp-content\/uploads\/2023\/11\/20231125-IMG_9689-300x225.jpeg 300w, https:\/\/rsv-herten.de\/wordpress\/wp-content\/uploads\/2023\/11\/20231125-IMG_9689-768x576.jpeg 768w, https:\/\/rsv-herten.de\/wordpress\/wp-content\/uploads\/2023\/11\/20231125-IMG_9689-1536x1152.jpeg 1536w, https:\/\/rsv-herten.de\/wordpress\/wp-content\/uploads\/2023\/11\/20231125-IMG_9689-2048x1536.jpeg 2048w, https:\/\/rsv-herten.de\/wordpress\/wp-content\/uploads\/2023\/11\/20231125-IMG_9689-400x300.jpeg 400w\" sizes=\"auto, (max-width: 1024px) 100vw, 1024px\" \/><\/a><figcaption class=\"wp-element-caption\">unsere Sportlerinnen<\/figcaption><\/figure>\n\n\n\n<p><\/p>\n\n\n\n<div class=\"wp-block-columns is-layout-flex wp-container-core-columns-is-layout-9d6595d7 wp-block-columns-is-layout-flex\">\n<div class=\"wp-block-column is-layout-flow wp-block-column-is-layout-flow\">\n<p>Allen voran zeigte das Ausnahmetalent Magdalena Wei\u00df in der Sch\u00fclerinnengruppe U11 eine herausragende Leistung. Mit 60,30 aufgestellten Punkten \u00fcbertraf sie ihre Mitstreiterinnen deutlich, zeigte den Kopfstand und den Handstand auf dem liegenden Rad und sicherte sich den Titel in ihrer Altersgruppe. Ihre Vereinskolleginnen Rahel Schulz und Lilly Fa belegten die Pl\u00e4tze zwei und drei und komplettierten das Podium.<\/p>\n<\/div>\n\n\n\n<div class=\"wp-block-column is-layout-flow wp-block-column-is-layout-flow\">\n<figure class=\"wp-block-image size-full\"><a href=\"http:\/\/rsv-herten.de\/wordpress\/wp-content\/uploads\/2023\/11\/IMG_6024-1.jpeg\"><img loading=\"lazy\" decoding=\"async\" width=\"445\" height=\"800\" src=\"http:\/\/rsv-herten.de\/wordpress\/wp-content\/uploads\/2023\/11\/IMG_6024-1.jpeg\" alt=\"\" class=\"wp-image-1059\" srcset=\"https:\/\/rsv-herten.de\/wordpress\/wp-content\/uploads\/2023\/11\/IMG_6024-1.jpeg 445w, https:\/\/rsv-herten.de\/wordpress\/wp-content\/uploads\/2023\/11\/IMG_6024-1-167x300.jpeg 167w\" sizes=\"auto, (max-width: 445px) 100vw, 445px\" \/><\/a><figcaption class=\"wp-element-caption\">Magdalena Wei\u00df (Kopfstand)<\/figcaption><\/figure>\n<\/div>\n<\/div>\n\n\n\n<p>Bei den Sch\u00fclerinnen U9 ragte Charlie Fr\u00f6bel hervor, da sie trotz Teilnahme an nur zwei von drei Durchg\u00e4ngen den dritten Platz erreichte. Emma Radia Sehli und Mayla Fl\u00fcgel vom RSV Dogern standen an der Spitze dieser Altersgruppe. Isabel Glass vom RSV Herten feierte bei den U9 ihr beeindruckendes Deb\u00fct mit dem Vizetitel des Tages.&nbsp;<\/p>\n\n\n\n<figure class=\"wp-block-image size-large\"><a href=\"http:\/\/rsv-herten.de\/wordpress\/wp-content\/uploads\/2023\/11\/IMG_5985-scaled.jpeg\"><img loading=\"lazy\" decoding=\"async\" width=\"1698\" height=\"1273\" src=\"http:\/\/rsv-herten.de\/wordpress\/wp-content\/uploads\/2023\/11\/IMG_5985-edited-rotated.jpeg\" alt=\"\" class=\"wp-image-1050\" srcset=\"https:\/\/rsv-herten.de\/wordpress\/wp-content\/uploads\/2023\/11\/IMG_5985-edited-rotated.jpeg 1698w, https:\/\/rsv-herten.de\/wordpress\/wp-content\/uploads\/2023\/11\/IMG_5985-edited-300x225.jpeg 300w, https:\/\/rsv-herten.de\/wordpress\/wp-content\/uploads\/2023\/11\/IMG_5985-edited-1024x768.jpeg 1024w, https:\/\/rsv-herten.de\/wordpress\/wp-content\/uploads\/2023\/11\/IMG_5985-edited-768x576.jpeg 768w, https:\/\/rsv-herten.de\/wordpress\/wp-content\/uploads\/2023\/11\/IMG_5985-edited-1536x1152.jpeg 1536w, https:\/\/rsv-herten.de\/wordpress\/wp-content\/uploads\/2023\/11\/IMG_5985-edited-400x300.jpeg 400w\" sizes=\"auto, (max-width: 1698px) 100vw, 1698px\" \/><\/a><figcaption class=\"wp-element-caption\">Isabel Glass<\/figcaption><\/figure>\n\n\n\n<p>In der Kategorie U15 steigerte Amelie Peterle ihre Programmschwierigkeit um fast 10 Punkte im Vergleich zum vorherigen Wettkampf. Trotz mehreren kleinen Fehler erk\u00e4mpfte sie sich den zweiten Platz, hinter Emilia Keser und vor Indira D`Souza vom RSV Wallbach.&nbsp;<\/p>\n\n\n\n<figure class=\"wp-block-image size-large\"><a href=\"http:\/\/rsv-herten.de\/wordpress\/wp-content\/uploads\/2023\/11\/IMG_6077-scaled.jpeg\"><img loading=\"lazy\" decoding=\"async\" width=\"768\" height=\"1024\" src=\"http:\/\/rsv-herten.de\/wordpress\/wp-content\/uploads\/2023\/11\/IMG_6077-768x1024.jpeg\" alt=\"\" class=\"wp-image-1051\" srcset=\"https:\/\/rsv-herten.de\/wordpress\/wp-content\/uploads\/2023\/11\/IMG_6077-768x1024.jpeg 768w, https:\/\/rsv-herten.de\/wordpress\/wp-content\/uploads\/2023\/11\/IMG_6077-225x300.jpeg 225w, https:\/\/rsv-herten.de\/wordpress\/wp-content\/uploads\/2023\/11\/IMG_6077-1152x1536.jpeg 1152w, https:\/\/rsv-herten.de\/wordpress\/wp-content\/uploads\/2023\/11\/IMG_6077-1536x2048.jpeg 1536w, https:\/\/rsv-herten.de\/wordpress\/wp-content\/uploads\/2023\/11\/IMG_6077-scaled.jpeg 1920w\" sizes=\"auto, (max-width: 768px) 100vw, 768px\" \/><\/a><figcaption class=\"wp-element-caption\">Amelie Peterle (Lenkerst\u00fctzwaage)<\/figcaption><\/figure>\n\n\n\n<p>Bei den Sch\u00fclerinnen U13 konnte Rebekka Wei\u00df ihr K\u00f6nnen eindrucksvoll unter Beweis stellen und erzielte einen beachtlichen Erfolg. Gladys June Holle vom RV Lottstetten und Marie Fritsch vom RSV Wallbach vervollst\u00e4ndigten das Podium.<\/p>\n\n\n\n<figure class=\"wp-block-image size-large\"><a href=\"http:\/\/rsv-herten.de\/wordpress\/wp-content\/uploads\/2023\/11\/IMG_6041-scaled.jpeg\"><img loading=\"lazy\" decoding=\"async\" width=\"2560\" height=\"1920\" src=\"http:\/\/rsv-herten.de\/wordpress\/wp-content\/uploads\/2023\/11\/IMG_6041-edited-scaled.jpeg\" alt=\"\" class=\"wp-image-1053\" srcset=\"https:\/\/rsv-herten.de\/wordpress\/wp-content\/uploads\/2023\/11\/IMG_6041-edited-scaled.jpeg 2560w, https:\/\/rsv-herten.de\/wordpress\/wp-content\/uploads\/2023\/11\/IMG_6041-edited-300x225.jpeg 300w, https:\/\/rsv-herten.de\/wordpress\/wp-content\/uploads\/2023\/11\/IMG_6041-edited-1024x768.jpeg 1024w, https:\/\/rsv-herten.de\/wordpress\/wp-content\/uploads\/2023\/11\/IMG_6041-edited-768x576.jpeg 768w, https:\/\/rsv-herten.de\/wordpress\/wp-content\/uploads\/2023\/11\/IMG_6041-edited-1536x1152.jpeg 1536w, https:\/\/rsv-herten.de\/wordpress\/wp-content\/uploads\/2023\/11\/IMG_6041-edited-2048x1536.jpeg 2048w, https:\/\/rsv-herten.de\/wordpress\/wp-content\/uploads\/2023\/11\/IMG_6041-edited-400x300.jpeg 400w\" sizes=\"auto, (max-width: 2560px) 100vw, 2560px\" \/><\/a><figcaption class=\"wp-element-caption\">Rebekka Wei\u00df (Sattel-Lenker-Stand)<\/figcaption><\/figure>\n\n\n\n<p>Bei den Jungen zeigte Phil Arzner vom RSV Dogern eine gute Leistung und gewann den Bezirkspokal in der Kategorie U11. In der Kategorie U15 \u00fcberzeugten Masi\/Vellutini im Zweierpaar und sicherten sich konkurrenzlos den Bezirkstitel.<\/p>\n\n\n\n<p>Die Junioren U19 wurden von Nicolaj von Schneyder vom RSV Lottstetten angef\u00fchrt, gefolgt von Jimmy Lee Holle. Bei den M\u00e4nnern setzte sich Matthias Piberhofer vom RV Lottstetten durch und sicherte sich den Titel.<\/p>\n\n\n\n<p>Ein Highlight bildeten Letizia Daudey und Sofia Baier bei den Juniorinnen U19 im Zweuerfahren, die mit ihrer Performance die Zuschauer in Staunen versetzten.&nbsp;<\/p>\n\n\n\n<p>Den kr\u00f6nenden Abschluss des Wettkampftages bildeten die beiden Lokalmatadorinnen Caroline Wirth und Stefanie Probst. In der Altersklasse U19 Juniorinnen lieferten sie eine beeindruckende Darbietung. Caroline Wirth f\u00fchrte das Feld mit 111,72 ausgefahrenen von 123 aufgestellten Punkten an, w\u00e4hrend Stefanie Probst mit einer starken Leistung von 83,64 ausgefahrenen von 100,00 aufgestellten Punkten den zweiten Platz belegte. Ihre herausragenden Performances unterstrichen die hohe Qualit\u00e4t und den Ehrgeiz des Kunstradsports in der Region. Mit diesen Ergebnissen setzten sie ein gl\u00e4nzendes Finale zu einem Wettkampftag voller Spannung und sportlicher H\u00f6chstleistungen.Insgesamt traten 51 Athletinnen und Athleten an den drei Durchg\u00e4ngen des Bezirkspokals an, wobei die Sch\u00fclerklassen die meisten Teilnehmer verzeichneten. Diese Veranstaltung unterstreicht die Bedeutung des Kunstradsports f\u00fcr die Region und l\u00e4sst die Vorfreude auf den n\u00e4chsten Wettkampf am 4. Februar in Lottstetten bereits jetzt steigen.<\/p>\n","protected":false},"excerpt":{"rendered":"<p>Die Kunstradfahrer\/innen des RSV Herten beeindruckten mit ihren F\u00e4higkeiten beim dritten Durchgang des Bezirkspokals Hochrhein-Wiesental am 25. November 2023. Sie belegten in allen Sch\u00fcler klassen das Treppchen und best\u00e4tigten damit ihre Pr\u00e4senz in der regionalen Kunstradszene. Allen voran zeigte das &hellip; <a href=\"https:\/\/rsv-herten.de\/wordpress\/?p=1045\">Weiterlesen <span class=\"meta-nav\">&rarr;<\/span><\/a><\/p>\n","protected":false},"author":1,"featured_media":1056,"comment_status":"closed","ping_status":"closed","sticky":false,"template":"","format":"standard","meta":{"ngg_post_thumbnail":0,"_jetpack_memberships_contains_paid_content":false,"footnotes":""},"categories":[19,1,22],"tags":[],"class_list":["post-1045","post","type-post","status-publish","format-standard","has-post-thumbnail","hentry","category-19","category-allgemein","category-zeitungsartikel-2023"],"jetpack_featured_media_url":"https:\/\/rsv-herten.de\/wordpress\/wp-content\/uploads\/2023\/11\/20231125-IMG_9689-scaled.jpeg","jetpack_sharing_enabled":true,"_links":{"self":[{"href":"https:\/\/rsv-herten.de\/wordpress\/index.php?rest_route=\/wp\/v2\/posts\/1045","targetHints":{"allow":["GET"]}}],"collection":[{"href":"https:\/\/rsv-herten.de\/wordpress\/index.php?rest_route=\/wp\/v2\/posts"}],"about":[{"href":"https:\/\/rsv-herten.de\/wordpress\/index.php?rest_route=\/wp\/v2\/types\/post"}],"author":[{"embeddable":true,"href":"https:\/\/rsv-herten.de\/wordpress\/index.php?rest_route=\/wp\/v2\/users\/1"}],"replies":[{"embeddable":true,"href":"https:\/\/rsv-herten.de\/wordpress\/index.php?rest_route=%2Fwp%2Fv2%2Fcomments&post=1045"}],"version-history":[{"count":2,"href":"https:\/\/rsv-herten.de\/wordpress\/index.php?rest_route=\/wp\/v2\/posts\/1045\/revisions"}],"predecessor-version":[{"id":1060,"href":"https:\/\/rsv-herten.de\/wordpress\/index.php?rest_route=\/wp\/v2\/posts\/1045\/revisions\/1060"}],"wp:featuredmedia":[{"embeddable":true,"href":"https:\/\/rsv-herten.de\/wordpress\/index.php?rest_route=\/wp\/v2\/media\/1056"}],"wp:attachment":[{"href":"https:\/\/rsv-herten.de\/wordpress\/index.php?rest_route=%2Fwp%2Fv2%2Fmedia&parent=1045"}],"wp:term":[{"taxonomy":"category","embeddable":true,"href":"https:\/\/rsv-herten.de\/wordpress\/index.php?rest_route=%2Fwp%2Fv2%2Fcategories&post=1045"},{"taxonomy":"post_tag","embeddable":true,"href":"https:\/\/rsv-herten.de\/wordpress\/index.php?rest_route=%2Fwp%2Fv2%2Ftags&post=1045"}],"curies":[{"name":"wp","href":"https:\/\/api.w.org\/{rel}","templated":true}]}}