{"id":1299,"date":"2026-03-14T23:12:02","date_gmt":"2026-03-14T21:12:02","guid":{"rendered":"https:\/\/rsv-herten.de\/wordpress\/?p=1299"},"modified":"2026-03-17T09:16:45","modified_gmt":"2026-03-17T07:16:45","slug":"starker-auftakt-bei-den-junior-masters","status":"publish","type":"post","link":"https:\/\/rsv-herten.de\/wordpress\/?p=1299","title":{"rendered":"Sieben Punkte \u00fcber Bestleistung: Wei\u00df-Duo \u00fcberzeugt bei Junior Masters"},"content":{"rendered":"\n<p><em>14.03.2026, Ludwigsburg. <\/em>Einen hervorragenden Start in die Junior-Masters-Serie erwischte das Geschwisterpaar <strong>Rebekka und Magdalena Wei\u00df vom RSV Herten<\/strong>&nbsp;beim ersten Durchgang der Wettkampfserie in Ludwigsburg.<\/p>\n\n\n\n<figure class=\"wp-block-image size-large\"><a href=\"https:\/\/rsv-herten.de\/wordpress\/wp-content\/uploads\/2026\/03\/2026-Junior-Masters_16-47-18-scaled.jpg\"><img loading=\"lazy\" decoding=\"async\" width=\"1024\" height=\"683\" src=\"https:\/\/rsv-herten.de\/wordpress\/wp-content\/uploads\/2026\/03\/2026-Junior-Masters_16-47-18-1024x683.jpg\" alt=\"\" class=\"wp-image-1321\" srcset=\"https:\/\/rsv-herten.de\/wordpress\/wp-content\/uploads\/2026\/03\/2026-Junior-Masters_16-47-18-1024x683.jpg 1024w, https:\/\/rsv-herten.de\/wordpress\/wp-content\/uploads\/2026\/03\/2026-Junior-Masters_16-47-18-300x200.jpg 300w, https:\/\/rsv-herten.de\/wordpress\/wp-content\/uploads\/2026\/03\/2026-Junior-Masters_16-47-18-768x512.jpg 768w, https:\/\/rsv-herten.de\/wordpress\/wp-content\/uploads\/2026\/03\/2026-Junior-Masters_16-47-18-1536x1024.jpg 1536w, https:\/\/rsv-herten.de\/wordpress\/wp-content\/uploads\/2026\/03\/2026-Junior-Masters_16-47-18-2048x1365.jpg 2048w, https:\/\/rsv-herten.de\/wordpress\/wp-content\/uploads\/2026\/03\/2026-Junior-Masters_16-47-18-450x300.jpg 450w\" sizes=\"auto, (max-width: 1024px) 100vw, 1024px\" \/><\/a><figcaption class=\"wp-element-caption\">Rebekka und Magalena Wei\u00df, \u00dcbung: Kopfstand-Lenkerst\u00fctzgr\u00e4tsche<br>Foto: Daniel Kratschmar<\/figcaption><\/figure>\n\n\n\n<p>Die&nbsp;<strong>Junior Masters<\/strong>&nbsp;gelten als wichtigste nationale Wettkampfserie im Kunstradsport der Junioren und dienen gleichzeitig als&nbsp;<strong>Qualifikationsserie f\u00fcr die Nationalmannschaft<\/strong>. Entsprechend hoch ist das Niveau der Sportlerinnen und Sportler aus ganz Deutschland.<\/p>\n\n\n\n<p>Mit einer eingereichten Schwierigkeit von&nbsp;<strong>93,40 Punkten<\/strong>&nbsp;gingen die beiden Hertenerinnen in den Wettkampf. In der stark besetzten Disziplin&nbsp;<strong>2er Kunstradfahren Juniorinnen<\/strong>&nbsp;pr\u00e4sentierten sie eine konzentriert und sehr z\u00fcgig gefahrene K\u00fcr. Besonders bei den schwierigsten Elementen ihres Programms zeigte das Duo eine starke Leistung: Die anspruchsvollen&nbsp;<strong>Kopfstand- und Handstand\u00fcbungen<\/strong>&nbsp;wurden sauber und ohne Abz\u00fcge gezeigt.<\/p>\n\n\n\n<p>Am Ende wurden&nbsp;<strong>80,54 Punkte<\/strong>&nbsp;von den Kampfgerichten vergeben. Damit steigerten Rebekka und Magdalena Wei\u00df ihre&nbsp;<strong>pers\u00f6nliche Bestleistung um rund sieben Punkte<\/strong>. In der Tageswertung bedeutete dies&nbsp;<strong>Platz 6<\/strong>, nachdem das Duo urspr\u00fcnglich auf&nbsp;<strong>Rang 9 gesetzt<\/strong>&nbsp;war.<\/p>\n\n\n\n<p>Auch der Kommentator des Livestreams,&nbsp;<strong>mehrfache Kunstrad-Weltmeister Lukas Kohl<\/strong>, zeigte sich beeindruckt:<\/p>\n\n\n\n<p>\u201eVor allem wenn ich euch sage, dass diese Punktzahl sieben Punkte \u00fcber der pers\u00f6nlichen Bestleistung lag, dann war das eine geniale K\u00fcr.\u201c<\/p>\n\n\n\n<div class=\"wp-block-columns is-layout-flex wp-container-core-columns-is-layout-9d6595d7 wp-block-columns-is-layout-flex\">\n<div class=\"wp-block-column is-layout-flow wp-block-column-is-layout-flow\">\n<p>F\u00fcr die beiden Sportlerinnen ist es das erste Jahr in der Juniorenklasse \u2013 umso h\u00f6her ist dieses Ergebnis einzusch\u00e4tzen.<\/p>\n\n\n\n<p>Der Trainer zeigte sich entsprechend zufrieden:<\/p>\n\n\n\n<p>\u201eGerade bei den schwierigsten \u00dcbungen haben die beiden heute gezeigt, was sie k\u00f6nnen. Die Kopfstand- und Handstandelemente wurden ohne Abz\u00fcge gefahren \u2013 das ist auf diesem Niveau alles andere als selbstverst\u00e4ndlich. Dass sie ihre Bestleistung gleich um sieben Punkte steigern konnten, ist ein starkes Zeichen.\u201c<\/p>\n<\/div>\n\n\n\n<div class=\"wp-block-column is-layout-flow wp-block-column-is-layout-flow\">\n<figure class=\"wp-block-image size-large\"><a href=\"https:\/\/rsv-herten.de\/wordpress\/wp-content\/uploads\/2026\/03\/2026-Junior-Masters_16-47-35-scaled.jpg\"><img loading=\"lazy\" decoding=\"async\" width=\"1440\" height=\"2560\" src=\"https:\/\/rsv-herten.de\/wordpress\/wp-content\/uploads\/2026\/03\/2026-Junior-Masters_16-47-35-edited-scaled.jpg\" alt=\"\" class=\"wp-image-1324\" srcset=\"https:\/\/rsv-herten.de\/wordpress\/wp-content\/uploads\/2026\/03\/2026-Junior-Masters_16-47-35-edited-scaled.jpg 1440w, https:\/\/rsv-herten.de\/wordpress\/wp-content\/uploads\/2026\/03\/2026-Junior-Masters_16-47-35-edited-169x300.jpg 169w, https:\/\/rsv-herten.de\/wordpress\/wp-content\/uploads\/2026\/03\/2026-Junior-Masters_16-47-35-edited-576x1024.jpg 576w, https:\/\/rsv-herten.de\/wordpress\/wp-content\/uploads\/2026\/03\/2026-Junior-Masters_16-47-35-edited-768x1365.jpg 768w, https:\/\/rsv-herten.de\/wordpress\/wp-content\/uploads\/2026\/03\/2026-Junior-Masters_16-47-35-edited-864x1536.jpg 864w, https:\/\/rsv-herten.de\/wordpress\/wp-content\/uploads\/2026\/03\/2026-Junior-Masters_16-47-35-edited-1152x2048.jpg 1152w\" sizes=\"auto, (max-width: 1440px) 100vw, 1440px\" \/><\/a><figcaption class=\"wp-element-caption\">Foto: Daniel Kratschmar<\/figcaption><\/figure>\n<\/div>\n<\/div>\n\n\n\n<p>Die n\u00e4chsten Wettk\u00e4mpfe stehen bereits bevor: Am&nbsp;<strong>22. M\u00e4rz<\/strong>&nbsp;startet das Geschwisterpaar beim&nbsp;<strong>BW-Cup (2. Durchgang) in Erlenbach<\/strong>, bevor am&nbsp;<strong>28. M\u00e4rz 2026<\/strong>&nbsp;der&nbsp;<strong>zweite Durchgang der Junior Masters in Nufringen<\/strong>&nbsp;folgt. Dort m\u00f6chten Rebekka und Magdalena Wei\u00df ihre K\u00fcr weiter stabilisieren und die Punktzahl erneut steigern.<\/p>\n\n\n\n<p>Mit Blick auf den&nbsp;<strong>Saisonh\u00f6hepunkt Ende April mit dem DM-Halbfinale und der Deutschen Meisterschaft<\/strong>&nbsp;wird in den Osterferien nochmals intensiv trainiert. F\u00fcr diese Vorbereitung hat die&nbsp;<strong>Stadt L\u00f6rrach dankenswerterweise die Schlo\u00dfberghalle in Haagen zur Verf\u00fcgung gestellt<\/strong>. Dort wird das Hertener Duo gemeinsam mit dem befreundeten Schweizer 2er-Paar&nbsp;<strong>Julia und Sarina B\u00fchler aus D\u00fcrnten<\/strong>&nbsp;trainieren.<\/p>\n\n\n\n<p>Zeitungsartikel BZ: <a href=\"https:\/\/www.badische-zeitung.de\/kunstrad-weltmeister-lobt-hertener-duo-beim-junior-masters\">https:\/\/www.badische-zeitung.de\/kunstrad-weltmeister-lobt-hertener-duo-beim-junior-masters<\/a><\/p>\n\n\n\n<p>Hier der Link zum Livestream: Rebekka und Magdalena starten an der Stelle 05:48:30<\/p>\n\n\n\n<iframe src=\"https:\/\/player.sporteurope.tv\/a1432302-9f21-47e0-9abd-2a35fd4b6287\" width=640 height=\"420\" frameborder=0 allowfullscreen><\/iframe>\n","protected":false},"excerpt":{"rendered":"<p>14.03.2026, Ludwigsburg. Einen hervorragenden Start in die Junior-Masters-Serie erwischte das Geschwisterpaar Rebekka und Magdalena Wei\u00df vom RSV Herten&nbsp;beim ersten Durchgang der Wettkampfserie in Ludwigsburg. Die&nbsp;Junior Masters&nbsp;gelten als wichtigste nationale Wettkampfserie im Kunstradsport der Junioren und dienen gleichzeitig als&nbsp;Qualifikationsserie f\u00fcr die &hellip; <a href=\"https:\/\/rsv-herten.de\/wordpress\/?p=1299\">Weiterlesen <span class=\"meta-nav\">&rarr;<\/span><\/a><\/p>\n","protected":false},"author":3,"featured_media":0,"comment_status":"closed","ping_status":"closed","sticky":false,"template":"","format":"standard","meta":{"ngg_post_thumbnail":0,"_jetpack_memberships_contains_paid_content":false,"footnotes":""},"categories":[29,17,18,28],"tags":[],"class_list":["post-1299","post","type-post","status-publish","format-standard","hentry","category-29","category-aktuelles","category-presse","category-zeitungsartikel-2026"],"jetpack_featured_media_url":"","jetpack_sharing_enabled":true,"_links":{"self":[{"href":"https:\/\/rsv-herten.de\/wordpress\/index.php?rest_route=\/wp\/v2\/posts\/1299","targetHints":{"allow":["GET"]}}],"collection":[{"href":"https:\/\/rsv-herten.de\/wordpress\/index.php?rest_route=\/wp\/v2\/posts"}],"about":[{"href":"https:\/\/rsv-herten.de\/wordpress\/index.php?rest_route=\/wp\/v2\/types\/post"}],"author":[{"embeddable":true,"href":"https:\/\/rsv-herten.de\/wordpress\/index.php?rest_route=\/wp\/v2\/users\/3"}],"replies":[{"embeddable":true,"href":"https:\/\/rsv-herten.de\/wordpress\/index.php?rest_route=%2Fwp%2Fv2%2Fcomments&post=1299"}],"version-history":[{"count":16,"href":"https:\/\/rsv-herten.de\/wordpress\/index.php?rest_route=\/wp\/v2\/posts\/1299\/revisions"}],"predecessor-version":[{"id":1327,"href":"https:\/\/rsv-herten.de\/wordpress\/index.php?rest_route=\/wp\/v2\/posts\/1299\/revisions\/1327"}],"wp:attachment":[{"href":"https:\/\/rsv-herten.de\/wordpress\/index.php?rest_route=%2Fwp%2Fv2%2Fmedia&parent=1299"}],"wp:term":[{"taxonomy":"category","embeddable":true,"href":"https:\/\/rsv-herten.de\/wordpress\/index.php?rest_route=%2Fwp%2Fv2%2Fcategories&post=1299"},{"taxonomy":"post_tag","embeddable":true,"href":"https:\/\/rsv-herten.de\/wordpress\/index.php?rest_route=%2Fwp%2Fv2%2Ftags&post=1299"}],"curies":[{"name":"wp","href":"https:\/\/api.w.org\/{rel}","templated":true}]}}