{"id":1430,"date":"2026-04-26T21:22:46","date_gmt":"2026-04-26T19:22:46","guid":{"rendered":"https:\/\/rsv-herten.de\/wordpress\/?p=1430"},"modified":"2026-04-26T21:22:46","modified_gmt":"2026-04-26T19:22:46","slug":"rsv-herten-ueberzeugt-beim-bw-cup-finale-in-empfingen","status":"publish","type":"post","link":"https:\/\/rsv-herten.de\/wordpress\/?p=1430","title":{"rendered":"RSV Herten \u00fcberzeugt beim BW-Cup-Finale in Empfingen"},"content":{"rendered":"\n<p>Ein erfolgreiches Wettkampfwochenende liegt hinter Rebekka und Magdalena Wei\u00df vom RSV Herten: Beim Finale der BW-Cup-Serie am 26. April 2026 in Empfingen sicherten sich die beiden Kunstradsportlerinnen den Tagessieg im Zweier der Juniorinnen. Mit 82,45 Punkten best\u00e4tigten sie ihre aktuell starke Form und zeigten einmal mehr die zunehmende Stabilit\u00e4t ihres Programms.<\/p>\n\n\n\n<p>Auch wenn sie damit knapp unter ihrer pers\u00f6nlichen Bestleistung aus Herten blieben, war der Wettkampf eine gelungene Generalprobe f\u00fcr die anstehenden Deutschen Meisterschaften am 2. Mai 2026 in Moers \u2013 gleichzeitig der abschlie\u00dfende H\u00f6hepunkt der Saison.<\/p>\n\n\n\n<div class=\"wp-block-columns is-layout-flex wp-container-core-columns-is-layout-9d6595d7 wp-block-columns-is-layout-flex\">\n<div class=\"wp-block-column is-layout-flow wp-block-column-is-layout-flow\">\n<p>In der Gesamtwertung des BW-Cups entwickelte sich ein spannender Dreikampf auf hohem Niveau: Den Sieg sicherten sich Enie Vetter \/ Andrea Eugster (Sportgemeinschaft RKV Hofen \/ RV Lorch 1924) mit 233,43 Punkten vor Mia Lomuscio \/ Maya Lomuscio (RV G\u00e4rtringen, 229,63 Punkte). Rebekka und Magdalena Wei\u00df belegten mit 223,52 Punkten einen hervorragenden dritten Platz. Der Abstand zwischen Platz eins und drei betrug nach vier Wettk\u00e4mpfen weniger als zehn Punkte \u2013 ein eindrucksvolles Zeichen f\u00fcr die Leistungsdichte in dieser Disziplin.<\/p>\n<\/div>\n\n\n\n<div class=\"wp-block-column is-layout-flow wp-block-column-is-layout-flow\">\n<figure class=\"wp-block-image size-large\"><a href=\"https:\/\/rsv-herten.de\/wordpress\/wp-content\/uploads\/2026\/04\/IMG_5098-scaled.jpg\"><img loading=\"lazy\" decoding=\"async\" width=\"768\" height=\"1024\" src=\"https:\/\/rsv-herten.de\/wordpress\/wp-content\/uploads\/2026\/04\/IMG_5098-768x1024.jpg\" alt=\"\" class=\"wp-image-1431\" srcset=\"https:\/\/rsv-herten.de\/wordpress\/wp-content\/uploads\/2026\/04\/IMG_5098-768x1024.jpg 768w, https:\/\/rsv-herten.de\/wordpress\/wp-content\/uploads\/2026\/04\/IMG_5098-225x300.jpg 225w, https:\/\/rsv-herten.de\/wordpress\/wp-content\/uploads\/2026\/04\/IMG_5098-1152x1536.jpg 1152w, https:\/\/rsv-herten.de\/wordpress\/wp-content\/uploads\/2026\/04\/IMG_5098-1536x2048.jpg 1536w, https:\/\/rsv-herten.de\/wordpress\/wp-content\/uploads\/2026\/04\/IMG_5098-scaled.jpg 1920w\" sizes=\"auto, (max-width: 768px) 100vw, 768px\" \/><\/a><figcaption class=\"wp-element-caption\">Siegerehrung BW-Cup in Empfingen<\/figcaption><\/figure>\n<\/div>\n<\/div>\n\n\n\n<p>F\u00fcr zus\u00e4tzliche positive Nachrichten aus dem Trainingsumfeld sorgten Lisa und Sara Knobelspies vom RSV Volkershausen: Das Zweier-Paar qualifizierte sich am selben Wochenende f\u00fcr die Teilnahme an den Europameisterschaften in Amorbach. Seit Kurzem trainieren beide Paare gemeinsam in L\u00f6rrach, was die starke Entwicklung im regionalen Kunstradsport zus\u00e4tzlich unterstreicht.<\/p>\n\n\n\n<p>Mit Blick auf die Deutschen Meisterschaften d\u00fcrfen sich die Zuschauer auf einen spannenden Wettkampf freuen \u2013 die Formkurve der Hertenser Sportlerinnen zeigt klar nach oben.<\/p>\n","protected":false},"excerpt":{"rendered":"<p>Ein erfolgreiches Wettkampfwochenende liegt hinter Rebekka und Magdalena Wei\u00df vom RSV Herten: Beim Finale der BW-Cup-Serie am 26. April 2026 in Empfingen sicherten sich die beiden Kunstradsportlerinnen den Tagessieg im Zweier der Juniorinnen. Mit 82,45 Punkten best\u00e4tigten sie ihre aktuell &hellip; <a href=\"https:\/\/rsv-herten.de\/wordpress\/?p=1430\">Weiterlesen <span class=\"meta-nav\">&rarr;<\/span><\/a><\/p>\n","protected":false},"author":3,"featured_media":0,"comment_status":"closed","ping_status":"closed","sticky":false,"template":"","format":"standard","meta":{"ngg_post_thumbnail":0,"_jetpack_memberships_contains_paid_content":false,"footnotes":""},"categories":[29,17,9,18,28],"tags":[],"class_list":["post-1430","post","type-post","status-publish","format-standard","hentry","category-29","category-aktuelles","category-berichte","category-presse","category-zeitungsartikel-2026"],"jetpack_featured_media_url":"","jetpack_sharing_enabled":true,"_links":{"self":[{"href":"https:\/\/rsv-herten.de\/wordpress\/index.php?rest_route=\/wp\/v2\/posts\/1430","targetHints":{"allow":["GET"]}}],"collection":[{"href":"https:\/\/rsv-herten.de\/wordpress\/index.php?rest_route=\/wp\/v2\/posts"}],"about":[{"href":"https:\/\/rsv-herten.de\/wordpress\/index.php?rest_route=\/wp\/v2\/types\/post"}],"author":[{"embeddable":true,"href":"https:\/\/rsv-herten.de\/wordpress\/index.php?rest_route=\/wp\/v2\/users\/3"}],"replies":[{"embeddable":true,"href":"https:\/\/rsv-herten.de\/wordpress\/index.php?rest_route=%2Fwp%2Fv2%2Fcomments&post=1430"}],"version-history":[{"count":1,"href":"https:\/\/rsv-herten.de\/wordpress\/index.php?rest_route=\/wp\/v2\/posts\/1430\/revisions"}],"predecessor-version":[{"id":1432,"href":"https:\/\/rsv-herten.de\/wordpress\/index.php?rest_route=\/wp\/v2\/posts\/1430\/revisions\/1432"}],"wp:attachment":[{"href":"https:\/\/rsv-herten.de\/wordpress\/index.php?rest_route=%2Fwp%2Fv2%2Fmedia&parent=1430"}],"wp:term":[{"taxonomy":"category","embeddable":true,"href":"https:\/\/rsv-herten.de\/wordpress\/index.php?rest_route=%2Fwp%2Fv2%2Fcategories&post=1430"},{"taxonomy":"post_tag","embeddable":true,"href":"https:\/\/rsv-herten.de\/wordpress\/index.php?rest_route=%2Fwp%2Fv2%2Ftags&post=1430"}],"curies":[{"name":"wp","href":"https:\/\/api.w.org\/{rel}","templated":true}]}}