{"id":1433,"date":"2026-05-02T22:17:18","date_gmt":"2026-05-02T20:17:18","guid":{"rendered":"https:\/\/rsv-herten.de\/wordpress\/?p=1433"},"modified":"2026-05-03T09:55:55","modified_gmt":"2026-05-03T07:55:55","slug":"starke-leistung-bei-den-deutschen-meisterschaften-rsv-herten-ueberzeugt-mit-bestleistung","status":"publish","type":"post","link":"https:\/\/rsv-herten.de\/wordpress\/?p=1433","title":{"rendered":"Starke Leistung bei den Deutschen Meisterschaften \u2013 RSV Herten \u00fcberzeugt mit Bestleistung"},"content":{"rendered":"\n<h2 class=\"wp-block-heading\">Ein rundum gelungener Saisonabschluss f\u00fcr den RSV Herten bei den Junioren <\/h2>\n\n\n\n<p><em>Moers, 02.05.2926: <\/em>Bei den Deutschen Meisterschaften im Hallenradsport in Moers pr\u00e4sentierten sich Rebekka und Magdalena Wei\u00df in bestechender Form und belohnten sich mit einer neuen pers\u00f6nlichen Bestleistung zu ihrem Saisonabschluss.<\/p>\n\n\n\n<p>Mit 90,81 Punkten steigerten sie sich erneut und fuhren damit auf einen hervorragenden 4. Platz im Starterfeld der 2er Kunstradsport Juniorinnen. Besonders bemerkenswert: Sie waren das einzige Duo des Tages, dem eine Bestleistung gelang \u2013 und das unter nicht ganz einfachen Bedingungen. Der ungew\u00f6hnlich stumpfe Hallenboden stellte viele Sportlerinnen vor zus\u00e4tzliche Herausforderungen, die das Herten-Duo jedoch souver\u00e4n meisterte.<\/p>\n\n\n\n<div class=\"wp-block-columns is-layout-flex wp-container-core-columns-is-layout-9d6595d7 wp-block-columns-is-layout-flex\">\n<div class=\"wp-block-column is-layout-flow wp-block-column-is-layout-flow\">\n<figure class=\"wp-block-image size-large\"><a href=\"https:\/\/rsv-herten.de\/wordpress\/wp-content\/uploads\/2026\/05\/6D688F75-3C80-416E-8AE3-15932FA0020B.jpeg\"><img loading=\"lazy\" decoding=\"async\" width=\"842\" height=\"1122\" src=\"https:\/\/rsv-herten.de\/wordpress\/wp-content\/uploads\/2026\/05\/6D688F75-3C80-416E-8AE3-15932FA0020B-edited.jpeg\" alt=\"\" class=\"wp-image-1435\" srcset=\"https:\/\/rsv-herten.de\/wordpress\/wp-content\/uploads\/2026\/05\/6D688F75-3C80-416E-8AE3-15932FA0020B-edited.jpeg 842w, https:\/\/rsv-herten.de\/wordpress\/wp-content\/uploads\/2026\/05\/6D688F75-3C80-416E-8AE3-15932FA0020B-edited-225x300.jpeg 225w, https:\/\/rsv-herten.de\/wordpress\/wp-content\/uploads\/2026\/05\/6D688F75-3C80-416E-8AE3-15932FA0020B-edited-768x1023.jpeg 768w\" sizes=\"auto, (max-width: 842px) 100vw, 842px\" \/><\/a><figcaption class=\"wp-element-caption\">Rebekka und Madalena Wei\u00df, Foto: Elias Wei\u00df<\/figcaption><\/figure>\n<\/div>\n\n\n\n<div class=\"wp-block-column is-layout-flow wp-block-column-is-layout-flow\">\n<p>Die gezeigte Leistung ist umso h\u00f6her einzusch\u00e4tzen, da sich beide Athletinnen erst im ersten Juniorinnenjahr befinden und somit noch drei weitere Jahre in dieser Altersklasse startberechtigt sind. Mit ihrem Auftritt konnten sie sich nicht nur im Spitzenfeld etablieren, sondern auch ein deutliches Zeichen in Richtung Nationalkader setzen.<\/p>\n\n\n\n<p>Mit den Deutschen Meisterschaften endet nun die aktuelle Wettkampfsaison f\u00fcr die beiden und gleichzeitig beginnt damit die n\u00e4chste Phase: die gezielte Weiterentwicklung ihres Programms mit neuen Elementen und steigenden Anforderungen.<\/p>\n<\/div>\n<\/div>\n\n\n\n<p>Die weiteren sportlichen Ziele werden in den kommenden Tagen gemeinsam mit Vereinstrainerin Karla Schmidt sowie im Rahmen des n\u00e4chsten BW-Kaderlehrgangs mit Landes- und Bundestrainer Dieter Maute abgestimmt.<\/p>\n\n\n\n<p>Optimale Trainingsbedingungen finden die beiden weiterhin im heimischen Umfeld, insbesondere durch die Zusammenarbeit mit den Nationalfahrerinnen Lisa und Sara Knobelspies in L\u00f6rrach. Lisa Knobelspies studiert an der Dualen Hochschule in L\u00f6rrach Architektur und profitiert ebenso wie das Hertener Duo von den erweiterten Trainingsm\u00f6glichkeiten in L\u00f6rrach. Neben zus\u00e4tzlichen Hallenzeiten erhalten die Sportlerinnen dort auch wertvolle Impulse von der ehemaligen Co-Bundestrainerin Sigrid Hupfer. Diese Konstellation bietet ideale Voraussetzungen f\u00fcr die n\u00e4chsten Entwicklungsschritte.<\/p>\n\n\n\n<p><strong>F\u00fcr den Nachwuchs des RSV Herten steht der Saisonh\u00f6hepunkt hingegen noch bevor:<\/strong>&nbsp;Bei den Badischen Meisterschaften am 10. Mai in Gutach gehen insgesamt sieben Sportlerinnen in den Altersklassen U11, U13 und U15 an den Start. In allen Klassen bestehen realistische Chancen auf Podestpl\u00e4tze \u2013 entsprechend gro\u00df ist die Vorfreude auf diesen wichtigen Wettkampf.<\/p>\n\n\n\n<p>Der RSV Herten blickt stolz auf die gezeigten Leistungen und freut sich auf die kommenden Herausforderungen.<\/p>\n\n\n\n<p>Ergebnisliste Deutsche Meisterschaften 2026 in Moers: <\/p>\n\n\n\n<div data-wp-interactive=\"core\/file\" class=\"wp-block-file\"><object data-wp-bind--hidden=\"!state.hasPdfPreview\" hidden class=\"wp-block-file__embed\" data=\"https:\/\/rsv-herten.de\/wordpress\/wp-content\/uploads\/2026\/05\/Ergebnisliste-DM.pdf\" type=\"application\/pdf\" style=\"width:100%;height:600px\" aria-label=\"Einbettung von Ergebnisliste DM.\"><\/object><a id=\"wp-block-file--media-22e5e261-72e0-4c6f-ba10-f41bceb79d33\" href=\"https:\/\/rsv-herten.de\/wordpress\/wp-content\/uploads\/2026\/05\/Ergebnisliste-DM.pdf\">Ergebnisliste DM<\/a><a href=\"https:\/\/rsv-herten.de\/wordpress\/wp-content\/uploads\/2026\/05\/Ergebnisliste-DM.pdf\" class=\"wp-block-file__button wp-element-button\" download aria-describedby=\"wp-block-file--media-22e5e261-72e0-4c6f-ba10-f41bceb79d33\">Herunterladen<\/a><\/div>\n","protected":false},"excerpt":{"rendered":"<p>Ein rundum gelungener Saisonabschluss f\u00fcr den RSV Herten bei den Junioren Moers, 02.05.2926: Bei den Deutschen Meisterschaften im Hallenradsport in Moers pr\u00e4sentierten sich Rebekka und Magdalena Wei\u00df in bestechender Form und belohnten sich mit einer neuen pers\u00f6nlichen Bestleistung zu ihrem &hellip; <a href=\"https:\/\/rsv-herten.de\/wordpress\/?p=1433\">Weiterlesen <span class=\"meta-nav\">&rarr;<\/span><\/a><\/p>\n","protected":false},"author":3,"featured_media":0,"comment_status":"closed","ping_status":"closed","sticky":false,"template":"","format":"standard","meta":{"ngg_post_thumbnail":0,"_jetpack_memberships_contains_paid_content":false,"footnotes":""},"categories":[29,17,9,18,28],"tags":[],"class_list":["post-1433","post","type-post","status-publish","format-standard","hentry","category-29","category-aktuelles","category-berichte","category-presse","category-zeitungsartikel-2026"],"jetpack_featured_media_url":"","jetpack_sharing_enabled":true,"_links":{"self":[{"href":"https:\/\/rsv-herten.de\/wordpress\/index.php?rest_route=\/wp\/v2\/posts\/1433","targetHints":{"allow":["GET"]}}],"collection":[{"href":"https:\/\/rsv-herten.de\/wordpress\/index.php?rest_route=\/wp\/v2\/posts"}],"about":[{"href":"https:\/\/rsv-herten.de\/wordpress\/index.php?rest_route=\/wp\/v2\/types\/post"}],"author":[{"embeddable":true,"href":"https:\/\/rsv-herten.de\/wordpress\/index.php?rest_route=\/wp\/v2\/users\/3"}],"replies":[{"embeddable":true,"href":"https:\/\/rsv-herten.de\/wordpress\/index.php?rest_route=%2Fwp%2Fv2%2Fcomments&post=1433"}],"version-history":[{"count":6,"href":"https:\/\/rsv-herten.de\/wordpress\/index.php?rest_route=\/wp\/v2\/posts\/1433\/revisions"}],"predecessor-version":[{"id":1443,"href":"https:\/\/rsv-herten.de\/wordpress\/index.php?rest_route=\/wp\/v2\/posts\/1433\/revisions\/1443"}],"wp:attachment":[{"href":"https:\/\/rsv-herten.de\/wordpress\/index.php?rest_route=%2Fwp%2Fv2%2Fmedia&parent=1433"}],"wp:term":[{"taxonomy":"category","embeddable":true,"href":"https:\/\/rsv-herten.de\/wordpress\/index.php?rest_route=%2Fwp%2Fv2%2Fcategories&post=1433"},{"taxonomy":"post_tag","embeddable":true,"href":"https:\/\/rsv-herten.de\/wordpress\/index.php?rest_route=%2Fwp%2Fv2%2Ftags&post=1433"}],"curies":[{"name":"wp","href":"https:\/\/api.w.org\/{rel}","templated":true}]}}